{"id":14185,"date":"2021-11-16T16:57:49","date_gmt":"2021-11-16T15:57:49","guid":{"rendered":"https:\/\/www.gruenewald-international.com\/aktualnosci\/gogreen-erweiterung-eines-naturbiotops\/"},"modified":"2022-02-07T09:18:49","modified_gmt":"2022-02-07T08:18:49","slug":"zbiorka-jablek-w-ramach-mlodziezowych-prac-spolecznych","status":"publish","type":"post","link":"https:\/\/www.gruenewald-international.com\/pl\/aktualnosci\/zbiorka-jablek-w-ramach-mlodziezowych-prac-spolecznych\/","title":{"rendered":"Zbi\u00f3rka jab\u0142ek w ramach m\u0142odzie\u017cowych prac spo\u0142ecznych"},"content":{"rendered":"[vc_row type=&#8221;in_container&#8221; full_screen_row_position=&#8221;middle&#8221; column_margin=&#8221;default&#8221; column_direction=&#8221;default&#8221; column_direction_tablet=&#8221;default&#8221; column_direction_phone=&#8221;default&#8221; scene_position=&#8221;center&#8221; text_color=&#8221;dark&#8221; text_align=&#8221;left&#8221; row_border_radius=&#8221;none&#8221; row_border_radius_applies=&#8221;bg&#8221; class=&#8221;news-h2&#8243; overlay_strength=&#8221;0.3&#8243; gradient_direction=&#8221;left_to_right&#8221; shape_divider_position=&#8221;bottom&#8221; bg_image_animation=&#8221;none&#8221; shape_type=&#8221;&#8221;][vc_column column_padding=&#8221;no-extra-padding&#8221; column_padding_tablet=&#8221;inherit&#8221; column_padding_phone=&#8221;inherit&#8221; column_padding_position=&#8221;all&#8221; column_element_spacing=&#8221;default&#8221; background_color_opacity=&#8221;1&#8243; background_hover_color_opacity=&#8221;1&#8243; column_shadow=&#8221;none&#8221; column_border_radius=&#8221;none&#8221; column_link_target=&#8221;_self&#8221; gradient_direction=&#8221;left_to_right&#8221; overlay_strength=&#8221;0.3&#8243; width=&#8221;1\/1&#8243; tablet_width_inherit=&#8221;default&#8221; tablet_text_alignment=&#8221;default&#8221; phone_text_alignment=&#8221;default&#8221; bg_image_animation=&#8221;none&#8221; enable_animation=&#8221;true&#8221; animation=&#8221;grow-in&#8221; border_type=&#8221;simple&#8221; column_border_width=&#8221;none&#8221; column_border_style=&#8221;solid&#8221;][vc_column_text]\n<h2>GR\u00dcNEWALD INTERNATIONAL<\/h2>\n[\/vc_column_text][\/vc_column][\/vc_row][vc_row type=&#8221;full_width_background&#8221; full_screen_row_position=&#8221;middle&#8221; column_margin=&#8221;default&#8221; equal_height=&#8221;yes&#8221; content_placement=&#8221;top&#8221; column_direction=&#8221;default&#8221; column_direction_tablet=&#8221;default&#8221; column_direction_phone=&#8221;default&#8221; scene_position=&#8221;center&#8221; top_padding=&#8221;3%&#8221; text_color=&#8221;dark&#8221; text_align=&#8221;left&#8221; row_border_radius=&#8221;none&#8221; row_border_radius_applies=&#8221;bg&#8221; class=&#8221;news-zweispalter&#8221; overlay_strength=&#8221;0.3&#8243; gradient_direction=&#8221;left_to_right&#8221; shape_divider_position=&#8221;bottom&#8221; bg_image_animation=&#8221;none&#8221; shape_type=&#8221;&#8221;][vc_column column_padding=&#8221;no-extra-padding&#8221; column_padding_tablet=&#8221;inherit&#8221; column_padding_phone=&#8221;inherit&#8221; column_padding_position=&#8221;all&#8221; column_element_spacing=&#8221;default&#8221; background_color_opacity=&#8221;1&#8243; background_hover_color_opacity=&#8221;1&#8243; column_shadow=&#8221;none&#8221; column_border_radius=&#8221;none&#8221; column_link_target=&#8221;_self&#8221; gradient_direction=&#8221;left_to_right&#8221; overlay_strength=&#8221;0.3&#8243; width=&#8221;1\/2&#8243; tablet_width_inherit=&#8221;default&#8221; tablet_text_alignment=&#8221;default&#8221; phone_text_alignment=&#8221;default&#8221; bg_image_animation=&#8221;none&#8221; border_type=&#8221;simple&#8221; column_border_width=&#8221;none&#8221; column_border_style=&#8221;solid&#8221; offset=&#8221;vc_col-xs-12&#8243;][image_with_animation image_url=&#8221;14358&#8243; animation=&#8221;Flip In&#8221; hover_animation=&#8221;none&#8221; alignment=&#8221;right&#8221; img_link_large=&#8221;yes&#8221; border_radius=&#8221;none&#8221; box_shadow=&#8221;none&#8221; image_loading=&#8221;default&#8221; max_width=&#8221;100%&#8221; max_width_mobile=&#8221;default&#8221;][divider line_type=&#8221;No Line&#8221; custom_height=&#8221;20&#8243;][vc_row_inner column_margin=&#8221;default&#8221; column_direction=&#8221;default&#8221; column_direction_tablet=&#8221;default&#8221; column_direction_phone=&#8221;default&#8221; text_align=&#8221;left&#8221;][vc_column_inner column_padding=&#8221;no-extra-padding&#8221; column_padding_tablet=&#8221;inherit&#8221; column_padding_phone=&#8221;inherit&#8221; column_padding_position=&#8221;all&#8221; column_element_spacing=&#8221;default&#8221; background_color_opacity=&#8221;1&#8243; background_hover_color_opacity=&#8221;1&#8243; column_shadow=&#8221;none&#8221; column_border_radius=&#8221;none&#8221; column_link_target=&#8221;_self&#8221; gradient_direction=&#8221;left_to_right&#8221; overlay_strength=&#8221;0.3&#8243; width=&#8221;1\/6&#8243; tablet_width_inherit=&#8221;default&#8221; bg_image_animation=&#8221;none&#8221; border_type=&#8221;simple&#8221; column_border_width=&#8221;none&#8221; column_border_style=&#8221;solid&#8221;][\/vc_column_inner][vc_column_inner column_padding=&#8221;no-extra-padding&#8221; column_padding_tablet=&#8221;inherit&#8221; column_padding_phone=&#8221;inherit&#8221; column_padding_position=&#8221;all&#8221; column_element_spacing=&#8221;default&#8221; background_color_opacity=&#8221;1&#8243; background_hover_color_opacity=&#8221;1&#8243; column_shadow=&#8221;none&#8221; column_border_radius=&#8221;none&#8221; column_link_target=&#8221;_self&#8221; gradient_direction=&#8221;left_to_right&#8221; overlay_strength=&#8221;0.3&#8243; width=&#8221;2\/3&#8243; tablet_width_inherit=&#8221;default&#8221; bg_image_animation=&#8221;none&#8221; border_type=&#8221;simple&#8221; column_border_width=&#8221;none&#8221; column_border_style=&#8221;solid&#8221;][image_with_animation image_url=&#8221;7046&#8243; animation=&#8221;Flip In&#8221; hover_animation=&#8221;none&#8221; alignment=&#8221;right&#8221; img_link_large=&#8221;yes&#8221; border_radius=&#8221;none&#8221; box_shadow=&#8221;none&#8221; image_loading=&#8221;default&#8221; max_width=&#8221;100%&#8221; max_width_mobile=&#8221;default&#8221;][vc_column_text]\n<div class=\"page\" title=\"Page 1\">\n<div class=\"section\">\n<div class=\"layoutArea\">\n<div class=\"column\">\n<p style=\"text-align: center;\"><strong> Inicjatywa na rzecz zr\u00f3wnowa\u017conego rozwoju <\/strong><\/p>\n<\/div>\n<\/div>\n<\/div>\n<\/div>\n[\/vc_column_text][\/vc_column_inner][vc_column_inner column_padding=&#8221;no-extra-padding&#8221; column_padding_tablet=&#8221;inherit&#8221; column_padding_phone=&#8221;inherit&#8221; column_padding_position=&#8221;all&#8221; column_element_spacing=&#8221;default&#8221; background_color_opacity=&#8221;1&#8243; background_hover_color_opacity=&#8221;1&#8243; column_shadow=&#8221;none&#8221; column_border_radius=&#8221;none&#8221; column_link_target=&#8221;_self&#8221; gradient_direction=&#8221;left_to_right&#8221; overlay_strength=&#8221;0.3&#8243; width=&#8221;1\/6&#8243; tablet_width_inherit=&#8221;default&#8221; bg_image_animation=&#8221;none&#8221; border_type=&#8221;simple&#8221; column_border_width=&#8221;none&#8221; column_border_style=&#8221;solid&#8221;][\/vc_column_inner][\/vc_row_inner][\/vc_column][vc_column column_padding=&#8221;no-extra-padding&#8221; column_padding_tablet=&#8221;inherit&#8221; column_padding_phone=&#8221;inherit&#8221; column_padding_position=&#8221;all&#8221; column_element_spacing=&#8221;default&#8221; background_color_opacity=&#8221;1&#8243; background_hover_color_opacity=&#8221;1&#8243; column_shadow=&#8221;none&#8221; column_border_radius=&#8221;none&#8221; column_link_target=&#8221;_self&#8221; gradient_direction=&#8221;left_to_right&#8221; overlay_strength=&#8221;0.3&#8243; width=&#8221;1\/12&#8243; tablet_width_inherit=&#8221;default&#8221; tablet_text_alignment=&#8221;default&#8221; phone_text_alignment=&#8221;default&#8221; bg_image_animation=&#8221;none&#8221; border_type=&#8221;simple&#8221; column_border_width=&#8221;none&#8221; column_border_style=&#8221;solid&#8221; offset=&#8221;vc_col-xs-12&#8243;][\/vc_column][vc_column column_padding=&#8221;no-extra-padding&#8221; column_padding_tablet=&#8221;inherit&#8221; column_padding_phone=&#8221;inherit&#8221; column_padding_position=&#8221;all&#8221; column_element_spacing=&#8221;default&#8221; background_color_opacity=&#8221;1&#8243; background_hover_color_opacity=&#8221;1&#8243; column_shadow=&#8221;none&#8221; column_border_radius=&#8221;none&#8221; column_link_target=&#8221;_self&#8221; gradient_direction=&#8221;left_to_right&#8221; overlay_strength=&#8221;0.3&#8243; width=&#8221;5\/12&#8243; tablet_width_inherit=&#8221;default&#8221; tablet_text_alignment=&#8221;default&#8221; phone_text_alignment=&#8221;default&#8221; bg_image_animation=&#8221;none&#8221; border_type=&#8221;simple&#8221; column_border_width=&#8221;none&#8221; column_border_style=&#8221;solid&#8221; offset=&#8221;vc_col-xs-12&#8243;][vc_row_inner column_margin=&#8221;default&#8221; column_direction=&#8221;default&#8221; column_direction_tablet=&#8221;default&#8221; column_direction_phone=&#8221;default&#8221; text_align=&#8221;left&#8221;][vc_column_inner column_padding=&#8221;no-extra-padding&#8221; column_padding_tablet=&#8221;inherit&#8221; column_padding_phone=&#8221;inherit&#8221; column_padding_position=&#8221;all&#8221; column_element_spacing=&#8221;default&#8221; background_color_opacity=&#8221;1&#8243; background_hover_color_opacity=&#8221;1&#8243; column_shadow=&#8221;none&#8221; column_border_radius=&#8221;none&#8221; column_link_target=&#8221;_self&#8221; gradient_direction=&#8221;left_to_right&#8221; overlay_strength=&#8221;0.3&#8243; width=&#8221;1\/1&#8243; tablet_width_inherit=&#8221;default&#8221; bg_image_animation=&#8221;none&#8221; enable_animation=&#8221;true&#8221; animation=&#8221;fade-in-from-bottom&#8221; border_type=&#8221;simple&#8221; column_border_width=&#8221;none&#8221; column_border_style=&#8221;solid&#8221; delay=&#8221;100&#8243;][vc_column_text]Projekt Lokalnej Fundacji Spo\u0142ecznej miasta Winnenden rozpocz\u0105\u0142 w minionych tygodniach coroczn\u0105 akcj\u0119 zbioru jab\u0142ek. Oko\u0142o 500 pracowitych pomocnic i pomocnik\u00f3w ze szk\u00f3\u0142, organizacji m\u0142odzie\u017cowych i o\u015brodk\u00f3w opieki dziennej zebra\u0142o na udost\u0119pnionych 18 miejskich i prywatnych dzia\u0142kach w sumie 7,5 ton jab\u0142ek.<\/p>\n<p>Celem projektu, kt\u00f3rego motto brzmi \u201eWykorzystaj \u2013 nie marnuj\u201d, jest umo\u017cliwienie dzieciom oraz m\u0142odzie\u017cy kontaktu z natur\u0105 oraz przybli\u017cenie im bior\u00f3\u017cnorodno\u015bci dzikich sad\u00f3w. Zebrane jab\u0142ka zostan\u0105 przerobione w firmie Ernteband z Winnenden, a wp\u0142ywy finansowe, w tym r\u00f3wnie\u017c dop\u0142aty do zbi\u00f3rki zostan\u0105 przekazane do szkolnych kas os\u00f3b bior\u0105cych udzia\u0142 w akcji.<\/p>\n<p>Akcja zosta\u0142a zorganizowana i wspierana na zasadzie wolontariatu przez zesp\u00f3\u0142 z Lokalnej Fundacji Spo\u0142ecznej miasta Winnenden. Bardzo za to dzi\u0119kujemy![\/vc_column_text][\/vc_column_inner][\/vc_row_inner][\/vc_column][\/vc_row]\n","protected":false},"excerpt":{"rendered":"<p>[vc_row type=&#8221;in_container&#8221; full_screen_row_position=&#8221;middle&#8221; column_margin=&#8221;default&#8221; column_direction=&#8221;default&#8221; column_direction_tablet=&#8221;default&#8221; column_direction_phone=&#8221;default&#8221; scene_position=&#8221;center&#8221; text_color=&#8221;dark&#8221; text_align=&#8221;left&#8221; row_border_radius=&#8221;none&#8221; row_border_radius_applies=&#8221;bg&#8221; class=&#8221;news-h2&#8243; overlay_strength=&#8221;0.3&#8243; gradient_direction=&#8221;left_to_right&#8221; shape_divider_position=&#8221;bottom&#8221; bg_image_animation=&#8221;none&#8221; shape_type=&#8221;&#8221;][vc_column column_padding=&#8221;no-extra-padding&#8221; column_padding_tablet=&#8221;inherit&#8221;&#8230;<\/p>\n","protected":false},"author":1,"featured_media":14296,"comment_status":"closed","ping_status":"closed","sticky":false,"template":"","format":"standard","meta":{"inline_featured_image":false,"footnotes":""},"categories":[75],"tags":[],"yoast_head":"<!-- This site is optimized with the Yoast SEO plugin v22.2 - https:\/\/yoast.com\/wordpress\/plugins\/seo\/ -->\n<title>Zbi\u00f3rka jab\u0142ek w ramach m\u0142odzie\u017cowych prac spo\u0142ecznych - Gr\u00fcnewald International<\/title>\n<meta name=\"robots\" content=\"index, follow, max-snippet:-1, max-image-preview:large, max-video-preview:-1\" \/>\n<link rel=\"canonical\" href=\"https:\/\/www.gruenewald-international.com\/pl\/aktualnosci\/zbiorka-jablek-w-ramach-mlodziezowych-prac-spolecznych\/\" \/>\n<meta property=\"og:locale\" content=\"pl_PL\" \/>\n<meta property=\"og:type\" content=\"article\" \/>\n<meta property=\"og:title\" content=\"Zbi\u00f3rka jab\u0142ek w ramach m\u0142odzie\u017cowych prac spo\u0142ecznych - Gr\u00fcnewald International\" \/>\n<meta property=\"og:description\" content=\"[vc_row type=&#8221;in_container&#8221; full_screen_row_position=&#8221;middle&#8221; column_margin=&#8221;default&#8221; column_direction=&#8221;default&#8221; column_direction_tablet=&#8221;default&#8221; column_direction_phone=&#8221;default&#8221; scene_position=&#8221;center&#8221; text_color=&#8221;dark&#8221; text_align=&#8221;left&#8221; row_border_radius=&#8221;none&#8221; row_border_radius_applies=&#8221;bg&#8221; class=&#8221;news-h2&#8243; overlay_strength=&#8221;0.3&#8243; gradient_direction=&#8221;left_to_right&#8221; shape_divider_position=&#8221;bottom&#8221; bg_image_animation=&#8221;none&#8221; shape_type=&#8221;&#8221;][vc_column column_padding=&#8221;no-extra-padding&#8221; column_padding_tablet=&#8221;inherit&#8221;...\" \/>\n<meta property=\"og:url\" content=\"https:\/\/www.gruenewald-international.com\/pl\/aktualnosci\/zbiorka-jablek-w-ramach-mlodziezowych-prac-spolecznych\/\" \/>\n<meta property=\"og:site_name\" content=\"Gr\u00fcnewald International\" \/>\n<meta property=\"article:published_time\" content=\"2021-11-16T15:57:49+00:00\" \/>\n<meta property=\"article:modified_time\" content=\"2022-02-07T08:18:49+00:00\" \/>\n<meta property=\"og:image\" content=\"https:\/\/www.gruenewald-international.com\/wp-content\/uploads\/2021\/08\/streuobst.jpg\" \/>\n\t<meta property=\"og:image:width\" content=\"1920\" \/>\n\t<meta property=\"og:image:height\" content=\"1280\" \/>\n\t<meta property=\"og:image:type\" content=\"image\/jpeg\" \/>\n<meta name=\"author\" content=\"schilhanwerbung\" \/>\n<meta name=\"twitter:card\" content=\"summary_large_image\" \/>\n<meta name=\"twitter:label1\" content=\"Napisane przez\" \/>\n\t<meta name=\"twitter:data1\" content=\"schilhanwerbung\" \/>\n\t<meta name=\"twitter:label2\" content=\"Szacowany czas czytania\" \/>\n\t<meta name=\"twitter:data2\" content=\"2 minuty\" \/>\n<script type=\"application\/ld+json\" class=\"yoast-schema-graph\">{\"@context\":\"https:\/\/schema.org\",\"@graph\":[{\"@type\":\"WebPage\",\"@id\":\"https:\/\/www.gruenewald-international.com\/pl\/aktualnosci\/zbiorka-jablek-w-ramach-mlodziezowych-prac-spolecznych\/\",\"url\":\"https:\/\/www.gruenewald-international.com\/pl\/aktualnosci\/zbiorka-jablek-w-ramach-mlodziezowych-prac-spolecznych\/\",\"name\":\"Zbi\u00f3rka jab\u0142ek w ramach m\u0142odzie\u017cowych prac spo\u0142ecznych - Gr\u00fcnewald International\",\"isPartOf\":{\"@id\":\"https:\/\/www.gruenewald-international.com\/pl\/#website\"},\"primaryImageOfPage\":{\"@id\":\"https:\/\/www.gruenewald-international.com\/pl\/aktualnosci\/zbiorka-jablek-w-ramach-mlodziezowych-prac-spolecznych\/#primaryimage\"},\"image\":{\"@id\":\"https:\/\/www.gruenewald-international.com\/pl\/aktualnosci\/zbiorka-jablek-w-ramach-mlodziezowych-prac-spolecznych\/#primaryimage\"},\"thumbnailUrl\":\"https:\/\/www.gruenewald-international.com\/wp-content\/uploads\/2021\/08\/streuobst.jpg\",\"datePublished\":\"2021-11-16T15:57:49+00:00\",\"dateModified\":\"2022-02-07T08:18:49+00:00\",\"author\":{\"@id\":\"https:\/\/www.gruenewald-international.com\/pl\/#\/schema\/person\/6493ff261c6af582f4d3e910b927f28e\"},\"inLanguage\":\"pl-PL\",\"potentialAction\":[{\"@type\":\"ReadAction\",\"target\":[\"https:\/\/www.gruenewald-international.com\/pl\/aktualnosci\/zbiorka-jablek-w-ramach-mlodziezowych-prac-spolecznych\/\"]}]},{\"@type\":\"ImageObject\",\"inLanguage\":\"pl-PL\",\"@id\":\"https:\/\/www.gruenewald-international.com\/pl\/aktualnosci\/zbiorka-jablek-w-ramach-mlodziezowych-prac-spolecznych\/#primaryimage\",\"url\":\"https:\/\/www.gruenewald-international.com\/wp-content\/uploads\/2021\/08\/streuobst.jpg\",\"contentUrl\":\"https:\/\/www.gruenewald-international.com\/wp-content\/uploads\/2021\/08\/streuobst.jpg\",\"width\":1920,\"height\":1280,\"caption\":\"Trees with red apples in an orchard\"},{\"@type\":\"WebSite\",\"@id\":\"https:\/\/www.gruenewald-international.com\/pl\/#website\",\"url\":\"https:\/\/www.gruenewald-international.com\/pl\/\",\"name\":\"Gr\u00fcnewald International\",\"description\":\"Qualit\u00e4t seit 1938\",\"potentialAction\":[{\"@type\":\"SearchAction\",\"target\":{\"@type\":\"EntryPoint\",\"urlTemplate\":\"https:\/\/www.gruenewald-international.com\/pl\/?s={search_term_string}\"},\"query-input\":\"required name=search_term_string\"}],\"inLanguage\":\"pl-PL\"},{\"@type\":\"Person\",\"@id\":\"https:\/\/www.gruenewald-international.com\/pl\/#\/schema\/person\/6493ff261c6af582f4d3e910b927f28e\",\"name\":\"schilhanwerbung\",\"image\":{\"@type\":\"ImageObject\",\"inLanguage\":\"pl-PL\",\"@id\":\"https:\/\/www.gruenewald-international.com\/pl\/#\/schema\/person\/image\/\",\"url\":\"https:\/\/secure.gravatar.com\/avatar\/4657030bfa389ce5fdaca73e2c486018?s=96&d=mm&r=g\",\"contentUrl\":\"https:\/\/secure.gravatar.com\/avatar\/4657030bfa389ce5fdaca73e2c486018?s=96&d=mm&r=g\",\"caption\":\"schilhanwerbung\"}}]}<\/script>\n<!-- \/ Yoast SEO plugin. -->","yoast_head_json":{"title":"Zbi\u00f3rka jab\u0142ek w ramach m\u0142odzie\u017cowych prac spo\u0142ecznych - Gr\u00fcnewald International","robots":{"index":"index","follow":"follow","max-snippet":"max-snippet:-1","max-image-preview":"max-image-preview:large","max-video-preview":"max-video-preview:-1"},"canonical":"https:\/\/www.gruenewald-international.com\/pl\/aktualnosci\/zbiorka-jablek-w-ramach-mlodziezowych-prac-spolecznych\/","og_locale":"pl_PL","og_type":"article","og_title":"Zbi\u00f3rka jab\u0142ek w ramach m\u0142odzie\u017cowych prac spo\u0142ecznych - Gr\u00fcnewald International","og_description":"[vc_row type=&#8221;in_container&#8221; full_screen_row_position=&#8221;middle&#8221; column_margin=&#8221;default&#8221; column_direction=&#8221;default&#8221; column_direction_tablet=&#8221;default&#8221; column_direction_phone=&#8221;default&#8221; scene_position=&#8221;center&#8221; text_color=&#8221;dark&#8221; text_align=&#8221;left&#8221; row_border_radius=&#8221;none&#8221; row_border_radius_applies=&#8221;bg&#8221; class=&#8221;news-h2&#8243; overlay_strength=&#8221;0.3&#8243; gradient_direction=&#8221;left_to_right&#8221; shape_divider_position=&#8221;bottom&#8221; bg_image_animation=&#8221;none&#8221; shape_type=&#8221;&#8221;][vc_column column_padding=&#8221;no-extra-padding&#8221; column_padding_tablet=&#8221;inherit&#8221;...","og_url":"https:\/\/www.gruenewald-international.com\/pl\/aktualnosci\/zbiorka-jablek-w-ramach-mlodziezowych-prac-spolecznych\/","og_site_name":"Gr\u00fcnewald International","article_published_time":"2021-11-16T15:57:49+00:00","article_modified_time":"2022-02-07T08:18:49+00:00","og_image":[{"width":1920,"height":1280,"url":"https:\/\/www.gruenewald-international.com\/wp-content\/uploads\/2021\/08\/streuobst.jpg","type":"image\/jpeg"}],"author":"schilhanwerbung","twitter_card":"summary_large_image","twitter_misc":{"Napisane przez":"schilhanwerbung","Szacowany czas czytania":"2 minuty"},"schema":{"@context":"https:\/\/schema.org","@graph":[{"@type":"WebPage","@id":"https:\/\/www.gruenewald-international.com\/pl\/aktualnosci\/zbiorka-jablek-w-ramach-mlodziezowych-prac-spolecznych\/","url":"https:\/\/www.gruenewald-international.com\/pl\/aktualnosci\/zbiorka-jablek-w-ramach-mlodziezowych-prac-spolecznych\/","name":"Zbi\u00f3rka jab\u0142ek w ramach m\u0142odzie\u017cowych prac spo\u0142ecznych - Gr\u00fcnewald International","isPartOf":{"@id":"https:\/\/www.gruenewald-international.com\/pl\/#website"},"primaryImageOfPage":{"@id":"https:\/\/www.gruenewald-international.com\/pl\/aktualnosci\/zbiorka-jablek-w-ramach-mlodziezowych-prac-spolecznych\/#primaryimage"},"image":{"@id":"https:\/\/www.gruenewald-international.com\/pl\/aktualnosci\/zbiorka-jablek-w-ramach-mlodziezowych-prac-spolecznych\/#primaryimage"},"thumbnailUrl":"https:\/\/www.gruenewald-international.com\/wp-content\/uploads\/2021\/08\/streuobst.jpg","datePublished":"2021-11-16T15:57:49+00:00","dateModified":"2022-02-07T08:18:49+00:00","author":{"@id":"https:\/\/www.gruenewald-international.com\/pl\/#\/schema\/person\/6493ff261c6af582f4d3e910b927f28e"},"inLanguage":"pl-PL","potentialAction":[{"@type":"ReadAction","target":["https:\/\/www.gruenewald-international.com\/pl\/aktualnosci\/zbiorka-jablek-w-ramach-mlodziezowych-prac-spolecznych\/"]}]},{"@type":"ImageObject","inLanguage":"pl-PL","@id":"https:\/\/www.gruenewald-international.com\/pl\/aktualnosci\/zbiorka-jablek-w-ramach-mlodziezowych-prac-spolecznych\/#primaryimage","url":"https:\/\/www.gruenewald-international.com\/wp-content\/uploads\/2021\/08\/streuobst.jpg","contentUrl":"https:\/\/www.gruenewald-international.com\/wp-content\/uploads\/2021\/08\/streuobst.jpg","width":1920,"height":1280,"caption":"Trees with red apples in an orchard"},{"@type":"WebSite","@id":"https:\/\/www.gruenewald-international.com\/pl\/#website","url":"https:\/\/www.gruenewald-international.com\/pl\/","name":"Gr\u00fcnewald International","description":"Qualit\u00e4t seit 1938","potentialAction":[{"@type":"SearchAction","target":{"@type":"EntryPoint","urlTemplate":"https:\/\/www.gruenewald-international.com\/pl\/?s={search_term_string}"},"query-input":"required name=search_term_string"}],"inLanguage":"pl-PL"},{"@type":"Person","@id":"https:\/\/www.gruenewald-international.com\/pl\/#\/schema\/person\/6493ff261c6af582f4d3e910b927f28e","name":"schilhanwerbung","image":{"@type":"ImageObject","inLanguage":"pl-PL","@id":"https:\/\/www.gruenewald-international.com\/pl\/#\/schema\/person\/image\/","url":"https:\/\/secure.gravatar.com\/avatar\/4657030bfa389ce5fdaca73e2c486018?s=96&d=mm&r=g","contentUrl":"https:\/\/secure.gravatar.com\/avatar\/4657030bfa389ce5fdaca73e2c486018?s=96&d=mm&r=g","caption":"schilhanwerbung"}}]}},"_links":{"self":[{"href":"https:\/\/www.gruenewald-international.com\/pl\/wp-json\/wp\/v2\/posts\/14185"}],"collection":[{"href":"https:\/\/www.gruenewald-international.com\/pl\/wp-json\/wp\/v2\/posts"}],"about":[{"href":"https:\/\/www.gruenewald-international.com\/pl\/wp-json\/wp\/v2\/types\/post"}],"author":[{"embeddable":true,"href":"https:\/\/www.gruenewald-international.com\/pl\/wp-json\/wp\/v2\/users\/1"}],"replies":[{"embeddable":true,"href":"https:\/\/www.gruenewald-international.com\/pl\/wp-json\/wp\/v2\/comments?post=14185"}],"version-history":[{"count":4,"href":"https:\/\/www.gruenewald-international.com\/pl\/wp-json\/wp\/v2\/posts\/14185\/revisions"}],"predecessor-version":[{"id":14464,"href":"https:\/\/www.gruenewald-international.com\/pl\/wp-json\/wp\/v2\/posts\/14185\/revisions\/14464"}],"wp:featuredmedia":[{"embeddable":true,"href":"https:\/\/www.gruenewald-international.com\/pl\/wp-json\/wp\/v2\/media\/14296"}],"wp:attachment":[{"href":"https:\/\/www.gruenewald-international.com\/pl\/wp-json\/wp\/v2\/media?parent=14185"}],"wp:term":[{"taxonomy":"category","embeddable":true,"href":"https:\/\/www.gruenewald-international.com\/pl\/wp-json\/wp\/v2\/categories?post=14185"},{"taxonomy":"post_tag","embeddable":true,"href":"https:\/\/www.gruenewald-international.com\/pl\/wp-json\/wp\/v2\/tags?post=14185"}],"curies":[{"name":"wp","href":"https:\/\/api.w.org\/{rel}","templated":true}]}}