{"id":10947,"date":"2019-03-11T11:12:46","date_gmt":"2019-03-11T10:12:46","guid":{"rendered":"http:\/\/www.gruenewald-international.info\/aktualnosci\/apple-money-for-lived-sustainability\/"},"modified":"2019-11-15T08:30:43","modified_gmt":"2019-11-15T07:30:43","slug":"pieniadze-na-program-zrownowazony-rozwoj-w-praktyce","status":"publish","type":"post","link":"https:\/\/www.gruenewald-international.com\/pl\/aktualnosci\/pieniadze-na-program-zrownowazony-rozwoj-w-praktyce\/","title":{"rendered":"Pieni\u0105dze na program Zr\u00f3wnowa\u017cony rozw\u00f3j w praktyce"},"content":{"rendered":"[vc_row type=&#8221;in_container&#8221; full_screen_row_position=&#8221;middle&#8221; column_margin=&#8221;default&#8221; scene_position=&#8221;center&#8221; text_color=&#8221;dark&#8221; text_align=&#8221;left&#8221; class=&#8221;news-h2&#8243; overlay_strength=&#8221;0.3&#8243; shape_divider_position=&#8221;bottom&#8221; bg_image_animation=&#8221;none&#8221; shape_type=&#8221;&#8221;][vc_column column_padding=&#8221;no-extra-padding&#8221; column_padding_position=&#8221;all&#8221; background_color_opacity=&#8221;1&#8243; background_hover_color_opacity=&#8221;1&#8243; column_link_target=&#8221;_self&#8221; column_shadow=&#8221;none&#8221; column_border_radius=&#8221;none&#8221; width=&#8221;1\/1&#8243; tablet_width_inherit=&#8221;default&#8221; tablet_text_alignment=&#8221;default&#8221; phone_text_alignment=&#8221;default&#8221; overlay_strength=&#8221;0.3&#8243; column_border_width=&#8221;none&#8221; column_border_style=&#8221;solid&#8221; bg_image_animation=&#8221;none&#8221; enable_animation=&#8221;true&#8221; animation=&#8221;grow-in&#8221;][vc_column_text]\n<h2>Ernteband Winnenden: 5000,- Euro na projekty grup uczniowskich i m\u0142odzie\u017cowych.<\/h2>\n[\/vc_column_text][\/vc_column][\/vc_row][vc_row type=&#8221;full_width_background&#8221; full_screen_row_position=&#8221;middle&#8221; equal_height=&#8221;yes&#8221; content_placement=&#8221;top&#8221; column_margin=&#8221;default&#8221; scene_position=&#8221;center&#8221; text_color=&#8221;dark&#8221; text_align=&#8221;left&#8221; top_padding=&#8221;3%&#8221; class=&#8221;news-zweispalter&#8221; overlay_strength=&#8221;0.3&#8243; shape_divider_position=&#8221;bottom&#8221; bg_image_animation=&#8221;none&#8221; shape_type=&#8221;&#8221;][vc_column column_padding=&#8221;no-extra-padding&#8221; column_padding_position=&#8221;all&#8221; background_color_opacity=&#8221;1&#8243; background_hover_color_opacity=&#8221;1&#8243; column_link_target=&#8221;_self&#8221; column_shadow=&#8221;none&#8221; column_border_radius=&#8221;none&#8221; width=&#8221;1\/2&#8243; tablet_width_inherit=&#8221;default&#8221; tablet_text_alignment=&#8221;default&#8221; phone_text_alignment=&#8221;default&#8221; overlay_strength=&#8221;0.3&#8243; column_border_width=&#8221;none&#8221; column_border_style=&#8221;solid&#8221; bg_image_animation=&#8221;none&#8221; offset=&#8221;vc_col-xs-12&#8243;][image_with_animation image_url=&#8221;6747&#8243; alignment=&#8221;right&#8221; animation=&#8221;Flip In&#8221; img_link_large=&#8221;yes&#8221; hover_animation=&#8221;none&#8221; border_radius=&#8221;none&#8221; box_shadow=&#8221;none&#8221; image_loading=&#8221;default&#8221; max_width=&#8221;100%&#8221; max_width_mobile=&#8221;default&#8221;][vc_column_text el_class=&#8221;bildunterschrift&#8221;]Szcz\u0119\u015bliwy uczestnik akcji na terenie sadu. Zdj\u0119cie: Ernteband[\/vc_column_text][\/vc_column][vc_column column_padding=&#8221;no-extra-padding&#8221; column_padding_position=&#8221;all&#8221; background_color_opacity=&#8221;1&#8243; background_hover_color_opacity=&#8221;1&#8243; column_link_target=&#8221;_self&#8221; column_shadow=&#8221;none&#8221; column_border_radius=&#8221;none&#8221; width=&#8221;1\/12&#8243; tablet_width_inherit=&#8221;default&#8221; tablet_text_alignment=&#8221;default&#8221; phone_text_alignment=&#8221;default&#8221; overlay_strength=&#8221;0.3&#8243; column_border_width=&#8221;none&#8221; column_border_style=&#8221;solid&#8221; bg_image_animation=&#8221;none&#8221; offset=&#8221;vc_col-xs-12&#8243;][\/vc_column][vc_column column_padding=&#8221;no-extra-padding&#8221; column_padding_position=&#8221;all&#8221; background_color_opacity=&#8221;1&#8243; background_hover_color_opacity=&#8221;1&#8243; column_link_target=&#8221;_self&#8221; column_shadow=&#8221;none&#8221; column_border_radius=&#8221;none&#8221; width=&#8221;5\/12&#8243; tablet_width_inherit=&#8221;default&#8221; tablet_text_alignment=&#8221;default&#8221; phone_text_alignment=&#8221;default&#8221; overlay_strength=&#8221;0.3&#8243; column_border_width=&#8221;none&#8221; column_border_style=&#8221;solid&#8221; bg_image_animation=&#8221;none&#8221; offset=&#8221;vc_col-xs-12&#8243;][vc_row_inner column_margin=&#8221;default&#8221; text_align=&#8221;left&#8221;][vc_column_inner column_padding=&#8221;no-extra-padding&#8221; column_padding_position=&#8221;all&#8221; background_color_opacity=&#8221;1&#8243; background_hover_color_opacity=&#8221;1&#8243; column_shadow=&#8221;none&#8221; column_border_radius=&#8221;none&#8221; column_link_target=&#8221;_self&#8221; width=&#8221;1\/1&#8243; tablet_width_inherit=&#8221;default&#8221; overlay_strength=&#8221;0.3&#8243; column_border_width=&#8221;none&#8221; column_border_style=&#8221;solid&#8221; bg_image_animation=&#8221;none&#8221; enable_animation=&#8221;true&#8221; animation=&#8221;fade-in-from-bottom&#8221; delay=&#8221;100&#8243;][vc_column_text]Miasto Winnenden i Lokalna Fundacja Spo\u0142eczna wraz z wieloma wolontariuszami zapocz\u0105tkowa\u0142y akcj\u0119 &#8222;Pieni\u0105dze za jab\u0142ka&#8221; ju\u017c przed ponad 10 laty. Celem jest zbieranie jab\u0142ek, kt\u00f3re w innym przypadku pozosta\u0142yby pod drzewami. Jesieni\u0105 dzieci i grupy m\u0142odzie\u017cowe gromadz\u0105 si\u0119 na \u0142\u0105kach tzw. dzikich sad\u00f3w w Winnenden oraz okolicach i zbieraj\u0105 opad\u0142e jab\u0142ka. Pod koniec wrze\u015bnia zosta\u0142o zebrane przez te &#8222;Grupy do zada\u0144 specjalnych&#8221; ok. 40 ton jab\u0142ek, kt\u00f3re firma Ernteband odkupi\u0142a po cenie wy\u017cszej od rynkowej. Kampania przynios\u0142a ponad 5000 euro do kasy grup m\u0142odzie\u017cowych dzi\u0119ki zbi\u00f3rce oraz wsparciu ze strony lokalnej fundacji. Oko\u0142o 250 uczni\u00f3w zebra\u0142o si\u0119 w styczniu w hali szko\u0142y w Albertville, aby odebra\u0107 czeki za swoje projekty grupowe. Nawiasem m\u00f3wi\u0105c, m\u0142odzi ludzie zbli\u017cyli si\u0119 do dziedzictwa kulturowego jakim s\u0105 \u0142\u0105ki dzikich sad\u00f3w, kt\u00f3re s\u0105 jednym z najbardziej bogatych biotop\u00f3w w Europie \u015arodkowej, z ponad 5000 gatunk\u00f3w ro\u015blin i zwierz\u0105t o wyj\u0105tkowym znaczeniu ekologicznym. Bardzo du\u017ce podzi\u0119kowania nale\u017c\u0105 si\u0119 wszystkim uczestnikom oraz osobom wspieraj\u0105cym akcj\u0119 Zr\u00f3wnowa\u017cony rozw\u00f3j w praktyce.[\/vc_column_text][\/vc_column_inner][\/vc_row_inner][\/vc_column][\/vc_row]\n","protected":false},"excerpt":{"rendered":"<p>[vc_row type=&#8221;in_container&#8221; full_screen_row_position=&#8221;middle&#8221; column_margin=&#8221;default&#8221; scene_position=&#8221;center&#8221; text_color=&#8221;dark&#8221; text_align=&#8221;left&#8221; class=&#8221;news-h2&#8243; overlay_strength=&#8221;0.3&#8243; shape_divider_position=&#8221;bottom&#8221; bg_image_animation=&#8221;none&#8221; shape_type=&#8221;&#8221;][vc_column column_padding=&#8221;no-extra-padding&#8221; column_padding_position=&#8221;all&#8221; background_color_opacity=&#8221;1&#8243; background_hover_color_opacity=&#8221;1&#8243; column_link_target=&#8221;_self&#8221; column_shadow=&#8221;none&#8221; column_border_radius=&#8221;none&#8221; width=&#8221;1\/1&#8243;&#8230;<\/p>\n","protected":false},"author":1,"featured_media":6749,"comment_status":"closed","ping_status":"closed","sticky":false,"template":"","format":"standard","meta":{"inline_featured_image":false,"footnotes":""},"categories":[75],"tags":[],"yoast_head":"<!-- This site is optimized with the Yoast SEO plugin v22.2 - https:\/\/yoast.com\/wordpress\/plugins\/seo\/ -->\n<title>Pieni\u0105dze na program Zr\u00f3wnowa\u017cony rozw\u00f3j w praktyce - Gr\u00fcnewald International<\/title>\n<meta name=\"robots\" content=\"index, follow, max-snippet:-1, max-image-preview:large, max-video-preview:-1\" \/>\n<link rel=\"canonical\" href=\"https:\/\/www.gruenewald-international.com\/pl\/aktualnosci\/pieniadze-na-program-zrownowazony-rozwoj-w-praktyce\/\" \/>\n<meta property=\"og:locale\" content=\"pl_PL\" \/>\n<meta property=\"og:type\" content=\"article\" \/>\n<meta property=\"og:title\" content=\"Pieni\u0105dze na program Zr\u00f3wnowa\u017cony rozw\u00f3j w praktyce - Gr\u00fcnewald International\" \/>\n<meta property=\"og:description\" content=\"[vc_row type=&#8221;in_container&#8221; full_screen_row_position=&#8221;middle&#8221; column_margin=&#8221;default&#8221; scene_position=&#8221;center&#8221; text_color=&#8221;dark&#8221; text_align=&#8221;left&#8221; class=&#8221;news-h2&#8243; overlay_strength=&#8221;0.3&#8243; shape_divider_position=&#8221;bottom&#8221; bg_image_animation=&#8221;none&#8221; shape_type=&#8221;&#8221;][vc_column column_padding=&#8221;no-extra-padding&#8221; column_padding_position=&#8221;all&#8221; background_color_opacity=&#8221;1&#8243; background_hover_color_opacity=&#8221;1&#8243; column_link_target=&#8221;_self&#8221; column_shadow=&#8221;none&#8221; column_border_radius=&#8221;none&#8221; width=&#8221;1\/1&#8243;...\" \/>\n<meta property=\"og:url\" content=\"https:\/\/www.gruenewald-international.com\/pl\/aktualnosci\/pieniadze-na-program-zrownowazony-rozwoj-w-praktyce\/\" \/>\n<meta property=\"og:site_name\" content=\"Gr\u00fcnewald International\" \/>\n<meta property=\"article:published_time\" content=\"2019-03-11T10:12:46+00:00\" \/>\n<meta property=\"article:modified_time\" content=\"2019-11-15T07:30:43+00:00\" \/>\n<meta property=\"og:image\" content=\"https:\/\/www.gruenewald-international.com\/wp-content\/uploads\/2019\/05\/Apfelgeld-fu\u0308r-gelebte-Nachhaltigkeit.jpg\" \/>\n\t<meta property=\"og:image:width\" content=\"576\" \/>\n\t<meta property=\"og:image:height\" content=\"356\" \/>\n\t<meta property=\"og:image:type\" content=\"image\/jpeg\" \/>\n<meta name=\"author\" content=\"schilhanwerbung\" \/>\n<meta name=\"twitter:card\" content=\"summary_large_image\" \/>\n<meta name=\"twitter:label1\" content=\"Napisane przez\" \/>\n\t<meta name=\"twitter:data1\" content=\"schilhanwerbung\" \/>\n\t<meta name=\"twitter:label2\" content=\"Szacowany czas czytania\" \/>\n\t<meta name=\"twitter:data2\" content=\"3 minuty\" \/>\n<script type=\"application\/ld+json\" class=\"yoast-schema-graph\">{\"@context\":\"https:\/\/schema.org\",\"@graph\":[{\"@type\":\"WebPage\",\"@id\":\"https:\/\/www.gruenewald-international.com\/pl\/aktualnosci\/pieniadze-na-program-zrownowazony-rozwoj-w-praktyce\/\",\"url\":\"https:\/\/www.gruenewald-international.com\/pl\/aktualnosci\/pieniadze-na-program-zrownowazony-rozwoj-w-praktyce\/\",\"name\":\"Pieni\u0105dze na program Zr\u00f3wnowa\u017cony rozw\u00f3j w praktyce - Gr\u00fcnewald International\",\"isPartOf\":{\"@id\":\"https:\/\/www.gruenewald-international.com\/pl\/#website\"},\"primaryImageOfPage\":{\"@id\":\"https:\/\/www.gruenewald-international.com\/pl\/aktualnosci\/pieniadze-na-program-zrownowazony-rozwoj-w-praktyce\/#primaryimage\"},\"image\":{\"@id\":\"https:\/\/www.gruenewald-international.com\/pl\/aktualnosci\/pieniadze-na-program-zrownowazony-rozwoj-w-praktyce\/#primaryimage\"},\"thumbnailUrl\":\"https:\/\/www.gruenewald-international.com\/wp-content\/uploads\/2019\/05\/Apfelgeld-fu\u0308r-gelebte-Nachhaltigkeit.jpg\",\"datePublished\":\"2019-03-11T10:12:46+00:00\",\"dateModified\":\"2019-11-15T07:30:43+00:00\",\"author\":{\"@id\":\"https:\/\/www.gruenewald-international.com\/pl\/#\/schema\/person\/6493ff261c6af582f4d3e910b927f28e\"},\"inLanguage\":\"pl-PL\",\"potentialAction\":[{\"@type\":\"ReadAction\",\"target\":[\"https:\/\/www.gruenewald-international.com\/pl\/aktualnosci\/pieniadze-na-program-zrownowazony-rozwoj-w-praktyce\/\"]}]},{\"@type\":\"ImageObject\",\"inLanguage\":\"pl-PL\",\"@id\":\"https:\/\/www.gruenewald-international.com\/pl\/aktualnosci\/pieniadze-na-program-zrownowazony-rozwoj-w-praktyce\/#primaryimage\",\"url\":\"https:\/\/www.gruenewald-international.com\/wp-content\/uploads\/2019\/05\/Apfelgeld-fu\u0308r-gelebte-Nachhaltigkeit.jpg\",\"contentUrl\":\"https:\/\/www.gruenewald-international.com\/wp-content\/uploads\/2019\/05\/Apfelgeld-fu\u0308r-gelebte-Nachhaltigkeit.jpg\",\"width\":576,\"height\":356},{\"@type\":\"WebSite\",\"@id\":\"https:\/\/www.gruenewald-international.com\/pl\/#website\",\"url\":\"https:\/\/www.gruenewald-international.com\/pl\/\",\"name\":\"Gr\u00fcnewald International\",\"description\":\"Qualit\u00e4t seit 1938\",\"potentialAction\":[{\"@type\":\"SearchAction\",\"target\":{\"@type\":\"EntryPoint\",\"urlTemplate\":\"https:\/\/www.gruenewald-international.com\/pl\/?s={search_term_string}\"},\"query-input\":\"required name=search_term_string\"}],\"inLanguage\":\"pl-PL\"},{\"@type\":\"Person\",\"@id\":\"https:\/\/www.gruenewald-international.com\/pl\/#\/schema\/person\/6493ff261c6af582f4d3e910b927f28e\",\"name\":\"schilhanwerbung\",\"image\":{\"@type\":\"ImageObject\",\"inLanguage\":\"pl-PL\",\"@id\":\"https:\/\/www.gruenewald-international.com\/pl\/#\/schema\/person\/image\/\",\"url\":\"https:\/\/secure.gravatar.com\/avatar\/4657030bfa389ce5fdaca73e2c486018?s=96&d=mm&r=g\",\"contentUrl\":\"https:\/\/secure.gravatar.com\/avatar\/4657030bfa389ce5fdaca73e2c486018?s=96&d=mm&r=g\",\"caption\":\"schilhanwerbung\"}}]}<\/script>\n<!-- \/ Yoast SEO plugin. -->","yoast_head_json":{"title":"Pieni\u0105dze na program Zr\u00f3wnowa\u017cony rozw\u00f3j w praktyce - Gr\u00fcnewald International","robots":{"index":"index","follow":"follow","max-snippet":"max-snippet:-1","max-image-preview":"max-image-preview:large","max-video-preview":"max-video-preview:-1"},"canonical":"https:\/\/www.gruenewald-international.com\/pl\/aktualnosci\/pieniadze-na-program-zrownowazony-rozwoj-w-praktyce\/","og_locale":"pl_PL","og_type":"article","og_title":"Pieni\u0105dze na program Zr\u00f3wnowa\u017cony rozw\u00f3j w praktyce - Gr\u00fcnewald International","og_description":"[vc_row type=&#8221;in_container&#8221; full_screen_row_position=&#8221;middle&#8221; column_margin=&#8221;default&#8221; scene_position=&#8221;center&#8221; text_color=&#8221;dark&#8221; text_align=&#8221;left&#8221; class=&#8221;news-h2&#8243; overlay_strength=&#8221;0.3&#8243; shape_divider_position=&#8221;bottom&#8221; bg_image_animation=&#8221;none&#8221; shape_type=&#8221;&#8221;][vc_column column_padding=&#8221;no-extra-padding&#8221; column_padding_position=&#8221;all&#8221; background_color_opacity=&#8221;1&#8243; background_hover_color_opacity=&#8221;1&#8243; column_link_target=&#8221;_self&#8221; column_shadow=&#8221;none&#8221; column_border_radius=&#8221;none&#8221; width=&#8221;1\/1&#8243;...","og_url":"https:\/\/www.gruenewald-international.com\/pl\/aktualnosci\/pieniadze-na-program-zrownowazony-rozwoj-w-praktyce\/","og_site_name":"Gr\u00fcnewald International","article_published_time":"2019-03-11T10:12:46+00:00","article_modified_time":"2019-11-15T07:30:43+00:00","og_image":[{"width":576,"height":356,"url":"https:\/\/www.gruenewald-international.com\/wp-content\/uploads\/2019\/05\/Apfelgeld-fu\u0308r-gelebte-Nachhaltigkeit.jpg","type":"image\/jpeg"}],"author":"schilhanwerbung","twitter_card":"summary_large_image","twitter_misc":{"Napisane przez":"schilhanwerbung","Szacowany czas czytania":"3 minuty"},"schema":{"@context":"https:\/\/schema.org","@graph":[{"@type":"WebPage","@id":"https:\/\/www.gruenewald-international.com\/pl\/aktualnosci\/pieniadze-na-program-zrownowazony-rozwoj-w-praktyce\/","url":"https:\/\/www.gruenewald-international.com\/pl\/aktualnosci\/pieniadze-na-program-zrownowazony-rozwoj-w-praktyce\/","name":"Pieni\u0105dze na program Zr\u00f3wnowa\u017cony rozw\u00f3j w praktyce - Gr\u00fcnewald International","isPartOf":{"@id":"https:\/\/www.gruenewald-international.com\/pl\/#website"},"primaryImageOfPage":{"@id":"https:\/\/www.gruenewald-international.com\/pl\/aktualnosci\/pieniadze-na-program-zrownowazony-rozwoj-w-praktyce\/#primaryimage"},"image":{"@id":"https:\/\/www.gruenewald-international.com\/pl\/aktualnosci\/pieniadze-na-program-zrownowazony-rozwoj-w-praktyce\/#primaryimage"},"thumbnailUrl":"https:\/\/www.gruenewald-international.com\/wp-content\/uploads\/2019\/05\/Apfelgeld-fu\u0308r-gelebte-Nachhaltigkeit.jpg","datePublished":"2019-03-11T10:12:46+00:00","dateModified":"2019-11-15T07:30:43+00:00","author":{"@id":"https:\/\/www.gruenewald-international.com\/pl\/#\/schema\/person\/6493ff261c6af582f4d3e910b927f28e"},"inLanguage":"pl-PL","potentialAction":[{"@type":"ReadAction","target":["https:\/\/www.gruenewald-international.com\/pl\/aktualnosci\/pieniadze-na-program-zrownowazony-rozwoj-w-praktyce\/"]}]},{"@type":"ImageObject","inLanguage":"pl-PL","@id":"https:\/\/www.gruenewald-international.com\/pl\/aktualnosci\/pieniadze-na-program-zrownowazony-rozwoj-w-praktyce\/#primaryimage","url":"https:\/\/www.gruenewald-international.com\/wp-content\/uploads\/2019\/05\/Apfelgeld-fu\u0308r-gelebte-Nachhaltigkeit.jpg","contentUrl":"https:\/\/www.gruenewald-international.com\/wp-content\/uploads\/2019\/05\/Apfelgeld-fu\u0308r-gelebte-Nachhaltigkeit.jpg","width":576,"height":356},{"@type":"WebSite","@id":"https:\/\/www.gruenewald-international.com\/pl\/#website","url":"https:\/\/www.gruenewald-international.com\/pl\/","name":"Gr\u00fcnewald International","description":"Qualit\u00e4t seit 1938","potentialAction":[{"@type":"SearchAction","target":{"@type":"EntryPoint","urlTemplate":"https:\/\/www.gruenewald-international.com\/pl\/?s={search_term_string}"},"query-input":"required name=search_term_string"}],"inLanguage":"pl-PL"},{"@type":"Person","@id":"https:\/\/www.gruenewald-international.com\/pl\/#\/schema\/person\/6493ff261c6af582f4d3e910b927f28e","name":"schilhanwerbung","image":{"@type":"ImageObject","inLanguage":"pl-PL","@id":"https:\/\/www.gruenewald-international.com\/pl\/#\/schema\/person\/image\/","url":"https:\/\/secure.gravatar.com\/avatar\/4657030bfa389ce5fdaca73e2c486018?s=96&d=mm&r=g","contentUrl":"https:\/\/secure.gravatar.com\/avatar\/4657030bfa389ce5fdaca73e2c486018?s=96&d=mm&r=g","caption":"schilhanwerbung"}}]}},"_links":{"self":[{"href":"https:\/\/www.gruenewald-international.com\/pl\/wp-json\/wp\/v2\/posts\/10947"}],"collection":[{"href":"https:\/\/www.gruenewald-international.com\/pl\/wp-json\/wp\/v2\/posts"}],"about":[{"href":"https:\/\/www.gruenewald-international.com\/pl\/wp-json\/wp\/v2\/types\/post"}],"author":[{"embeddable":true,"href":"https:\/\/www.gruenewald-international.com\/pl\/wp-json\/wp\/v2\/users\/1"}],"replies":[{"embeddable":true,"href":"https:\/\/www.gruenewald-international.com\/pl\/wp-json\/wp\/v2\/comments?post=10947"}],"version-history":[{"count":1,"href":"https:\/\/www.gruenewald-international.com\/pl\/wp-json\/wp\/v2\/posts\/10947\/revisions"}],"predecessor-version":[{"id":10948,"href":"https:\/\/www.gruenewald-international.com\/pl\/wp-json\/wp\/v2\/posts\/10947\/revisions\/10948"}],"wp:featuredmedia":[{"embeddable":true,"href":"https:\/\/www.gruenewald-international.com\/pl\/wp-json\/wp\/v2\/media\/6749"}],"wp:attachment":[{"href":"https:\/\/www.gruenewald-international.com\/pl\/wp-json\/wp\/v2\/media?parent=10947"}],"wp:term":[{"taxonomy":"category","embeddable":true,"href":"https:\/\/www.gruenewald-international.com\/pl\/wp-json\/wp\/v2\/categories?post=10947"},{"taxonomy":"post_tag","embeddable":true,"href":"https:\/\/www.gruenewald-international.com\/pl\/wp-json\/wp\/v2\/tags?post=10947"}],"curies":[{"name":"wp","href":"https:\/\/api.w.org\/{rel}","templated":true}]}}